{"id":39461,"date":"2023-11-13T16:40:36","date_gmt":"2023-11-13T15:40:36","guid":{"rendered":"https:\/\/www.l-acoustics.com\/?post_type=press-release&#038;p=39461"},"modified":"2024-04-29T16:50:59","modified_gmt":"2024-04-29T14:50:59","slug":"alejandro-fernandez-carries-l-acoustics-k1-on-amor-y-patria-tour","status":"publish","type":"press-release","link":"https:\/\/www.l-acoustics.com\/fr\/press-releases\/alejandro-fernandez-carries-l-acoustics-k1-on-amor-y-patria-tour\/","title":{"rendered":"Alejandro Fern\u00e1ndez Carries L-Acoustics K1 on\u00a0Amor Y Patria\u00a0Tour"},"content":{"rendered":"\n<p class=\"has-small-font-size\"><em>Rent All Pro deploys K Series concert sound system for 21-show US arena run<\/em><\/p>\n\n\n\n<hr class=\"wp-block-separator has-alpha-channel-opacity\"\/>\n\n\n\n<p><strong>GUADALAJARA, Jalisco, Mexico \u2013 November 2023 \u2013<\/strong>&nbsp;The son of Mexican singer and actor Vicente Fern\u00e1ndez G\u00f3mez, Alejandro Fern\u00e1ndez Abarca\u2014affectionately known as \u201cEl Potrillo\u201d (The Foal)\u2014is an international superstar in his own right, having sold more than 20 million albums worldwide. His unique take on traditional Mexican music fused with pop has earned him a pair of Latin Grammy Awards and a star on Hollywood\u2019s Walk of Fame. Recently, Alejandro Fern\u00e1ndez hit the road for a 21-show September-October US tour,&nbsp;<em>Amor Y Patria<\/em>&nbsp;(Love and Country), on which Guadalajara-based sound reinforcement provider Rent All Pro Production carried an L-Acoustics <a href=\"https:\/\/www.l-acoustics.com\/products\/k1\/\" target=\"_blank\" rel=\"noreferrer noopener\">K1<\/a> loudspeaker system.<\/p>\n\n\n\n<p>Rent All Pro, formerly known as Procolor Producciones, was the first L-Acoustics K1 rental network provider in Mexico and has taken its system on tour with many artists over the years, including Man\u00e1, Ricardo Arjona, Selena Gomez, and Marc Antony. Heraclio Bernal, who has been with Procolor since 1990, has served as Fern\u00e1ndez\u2019s FOH engineer for the past 20 years, and he chose to carry an L-Acoustics system once again on the US tour.<\/p>\n\n\n\n<figure class=\"wp-block-gallery has-nested-images columns-default is-cropped wp-block-gallery-1 is-layout-flex wp-block-gallery-is-layout-flex\">\n<figure class=\"wp-block-image size-large\"><img loading=\"lazy\" decoding=\"async\" width=\"1024\" height=\"768\" data-id=\"39462\" src=\"\/wp-content\/uploads\/2023\/11\/la-fernandez-1-1024x768.jpg\" alt=\"Rent All Pro, formerly known as Procolor, carried an L-Acoustics K1 concert sound system out on Alejandro Fern\u00e1ndez\u2019s recent\u00a0Amor Y Patria\u00a0US tour.\" class=\"wp-image-39462\" srcset=\"\/wp-content\/uploads\/2023\/11\/la-fernandez-1-1024x768.jpg 1024w, \/wp-content\/uploads\/2023\/11\/la-fernandez-1-300x225.jpg 300w, \/wp-content\/uploads\/2023\/11\/la-fernandez-1-768x576.jpg 768w, \/wp-content\/uploads\/2023\/11\/la-fernandez-1.jpg 1200w\" sizes=\"auto, (max-width: 1024px) 100vw, 1024px\" \/><figcaption class=\"wp-element-caption\">Rent All Pro, formerly known as Procolor, carried an L-Acoustics K1 concert sound system out on Alejandro Fern\u00e1ndez\u2019s recent\u00a0<em>Amor Y Patria<\/em>\u00a0US tour.<\/figcaption><\/figure>\n\n\n\n<figure class=\"wp-block-image size-large\"><img loading=\"lazy\" decoding=\"async\" width=\"1024\" height=\"768\" data-id=\"39464\" src=\"\/wp-content\/uploads\/2023\/11\/la-fernandez-2-1024x768.jpg\" alt=\"FOH engineer Heraclio Bernal in the L-Acoustics L-ISA Studio\" class=\"wp-image-39464\" srcset=\"\/wp-content\/uploads\/2023\/11\/la-fernandez-2-1024x768.jpg 1024w, \/wp-content\/uploads\/2023\/11\/la-fernandez-2-300x225.jpg 300w, \/wp-content\/uploads\/2023\/11\/la-fernandez-2-768x576.jpg 768w, \/wp-content\/uploads\/2023\/11\/la-fernandez-2.jpg 1200w\" sizes=\"auto, (max-width: 1024px) 100vw, 1024px\" \/><figcaption class=\"wp-element-caption\">FOH engineer Heraclio Bernal in the L-Acoustics L-ISA Studio<\/figcaption><\/figure>\n<\/figure>\n\n\n\n<p>\u201cMy first show with Alejandro was on Valentine\u2019s Day in 2003\u2014we used V-DOSC back then\u2014and he\u2019s pretty much toured with L-Acoustics whenever possible ever since,\u201d says Bernal, who has also worked as a systems technician on tours with Maluma, Carlos Vives, and Alfredo Olivas in recent years. \u201cWith 25 musicians behind him, the challenge of mixing Alejandro is to be able to make his voice as \u2018present\u2019 as possible, which is something that the <a href=\"https:\/\/www.l-acoustics.com\/loudspeakers\/k-series\/\" target=\"_blank\" rel=\"noreferrer noopener\">K Series<\/a> truly excels at. I\u2019m not talking about power\u2014which there is plenty of\u2014but rather, natural tonality and intelligibility over the instrumentation. K1 always delivers a wonderfully coherent presence and uniformity throughout each venue, from the first row to the last.\u201d<\/p>\n\n\n\n<p>For the&nbsp;<em>Amor Y Patria<\/em>&nbsp;tour, Rent All Pro\u2019s typical loudspeaker deployment featured left and right main hangs of 14 <a href=\"https:\/\/www.l-acoustics.com\/products\/k1\/\" target=\"_blank\" rel=\"noreferrer noopener\">K1<\/a> over four <a href=\"https:\/\/www.l-acoustics.com\/products\/k2\/\" target=\"_blank\" rel=\"noreferrer noopener\">K2<\/a> down, with 15 <a href=\"https:\/\/www.l-acoustics.com\/products\/kara-ii\/\" target=\"_blank\" rel=\"noreferrer noopener\">Kara II<\/a> flown per side as out-fills. Six SB28 ground subs per side were arranged in a gradient array. Four stacks of two <a href=\"https:\/\/www.l-acoustics.com\/products\/kiva-ii\/\" target=\"_blank\" rel=\"noreferrer noopener\">Kiva II<\/a> across the stage served as front-fills, while four flown ARCS provided in-fill. Ten <a href=\"https:\/\/www.l-acoustics.com\/products\/la-rak-ii-avb\/\" target=\"_blank\" rel=\"noreferrer noopener\">LA-RAK II AVB<\/a> touring racks, each loaded with three <a href=\"https:\/\/www.l-acoustics.com\/products\/la12x\/\" target=\"_blank\" rel=\"noreferrer noopener\">LA12X<\/a> amplified controllers, powered the system, which was processed by a pair of <a href=\"https:\/\/www.l-acoustics.com\/products\/p1\/\" target=\"_blank\" rel=\"noreferrer noopener\">P1<\/a> Milan AVB processors located at FOH. \u201cAVB is always super stable, and the fact that control and signal travel on a network cable offers an enormous advantage,\u201d Bernal notes.<\/p>\n\n\n\n<figure class=\"wp-block-gallery has-nested-images columns-default is-cropped wp-block-gallery-2 is-layout-flex wp-block-gallery-is-layout-flex\">\n<figure class=\"wp-block-image size-large\"><img loading=\"lazy\" decoding=\"async\" width=\"1024\" height=\"768\" data-id=\"39466\" src=\"\/wp-content\/uploads\/2023\/11\/la-fernandez-3-1024x768.jpg\" alt=\"Four stacks of two Kiva II concert sound system across the stage served as front-fills\" class=\"wp-image-39466\" srcset=\"\/wp-content\/uploads\/2023\/11\/la-fernandez-3-1024x768.jpg 1024w, \/wp-content\/uploads\/2023\/11\/la-fernandez-3-300x225.jpg 300w, \/wp-content\/uploads\/2023\/11\/la-fernandez-3-768x576.jpg 768w, \/wp-content\/uploads\/2023\/11\/la-fernandez-3.jpg 1200w\" sizes=\"auto, (max-width: 1024px) 100vw, 1024px\" \/><figcaption class=\"wp-element-caption\">Four stacks of two Kiva II concert sound system across the stage served as front-fills<\/figcaption><\/figure>\n\n\n\n<figure class=\"wp-block-image size-large\"><img loading=\"lazy\" decoding=\"async\" width=\"1024\" height=\"768\" data-id=\"39468\" src=\"\/wp-content\/uploads\/2023\/11\/la-fernandez-4-1024x768.jpg\" alt=\"Six SB28 ground subs per side were arranged in a gradient array\" class=\"wp-image-39468\" srcset=\"\/wp-content\/uploads\/2023\/11\/la-fernandez-4-1024x768.jpg 1024w, \/wp-content\/uploads\/2023\/11\/la-fernandez-4-300x225.jpg 300w, \/wp-content\/uploads\/2023\/11\/la-fernandez-4-768x576.jpg 768w, \/wp-content\/uploads\/2023\/11\/la-fernandez-4.jpg 1200w\" sizes=\"auto, (max-width: 1024px) 100vw, 1024px\" \/><figcaption class=\"wp-element-caption\">Six SB28 ground subs per side were arranged in a gradient array<\/figcaption><\/figure>\n<\/figure>\n\n\n\n<p>In addition to mixing the show on his DiGiCo Quantum7 console, Bernal handles the tour\u2019s PA system engineering and deployment and quickly praises the L-Acoustics Soundvision design platform. \u201cIn my opinion, Soundvision is the best program that exists to model sound systems\u2014it\u2019s super-intuitive, and the 3D is wonderful,\u201d he describes. \u201cFIR Autofilters is a modern tool that has greatly helped with frequency absorption due to ever-changing temperature and humidity. Also, since 95% of our shows are in indoor venues, Soundvision helped me choose Kara II for the out-fill hangs, as we were trying not to add too many low frequencies in the flown systems. It turned out to be a great decision since the LF control was adequately achieved, and the Kara II were supported by the low end of the K1\/K2 main hangs.\u201d<\/p>\n\n\n\n<p>Although he\u2019s received many compliments on the sound from audience members, the comments from his peers have been especially appreciated. \u201cJavier Barba, who is our Production Manager, always walks through various areas of the venue during the show and tells me all the time that the sound is impressively beautiful,\u201d he says. \u201cAnd Dave Brooks [L-Acoustics Touring Outreach Manager], who visited us at The Forum in Los Angeles, mentioned that although he has been to many shows there over the years, he was pleasantly surprised by the pristine clarity of the mix, which means we must be doing something very right!\u201d<\/p>\n\n\n\n<figure class=\"wp-block-gallery has-nested-images columns-default is-cropped wp-block-gallery-3 is-layout-flex wp-block-gallery-is-layout-flex\">\n<figure class=\"wp-block-image size-large\"><img loading=\"lazy\" decoding=\"async\" width=\"1024\" height=\"768\" data-id=\"39470\" src=\"\/wp-content\/uploads\/2023\/11\/la-fernandez-5-1024x768.jpg\" alt=\"The tour\u2019s main arrays featured 14 K1 over four K2 down\" class=\"wp-image-39470\" srcset=\"\/wp-content\/uploads\/2023\/11\/la-fernandez-5-1024x768.jpg 1024w, \/wp-content\/uploads\/2023\/11\/la-fernandez-5-300x225.jpg 300w, \/wp-content\/uploads\/2023\/11\/la-fernandez-5-768x576.jpg 768w, \/wp-content\/uploads\/2023\/11\/la-fernandez-5.jpg 1200w\" sizes=\"auto, (max-width: 1024px) 100vw, 1024px\" \/><figcaption class=\"wp-element-caption\">The tour\u2019s main arrays featured 14 K1 over four K2 down<\/figcaption><\/figure>\n<\/figure>\n\n\n\n<p>For more info on Alejandro Fern\u00e1ndez\u2019s&nbsp;<em>Amor Y Patria<\/em>&nbsp;tour, visit&nbsp;<a href=\"http:\/\/www.alejandrofernandez.com\" target=\"_blank\" rel=\"noreferrer noopener\">www.alejandrofernandez.com<\/a>. Rent All Pro Production can be found online at&nbsp;<a href=\"http:\/\/www.rentallpro.com.mx\">www.rentallpro.com.mx<\/a>.<\/p>\n","protected":false},"excerpt":{"rendered":"<p>Alejandro Fern\u00e1ndez carries an L-Acoustics K Series concert sound system for a 21-show US arena run on his\u00a0Amor Y Patria\u00a0Tour.<\/p>\n","protected":false},"author":56,"featured_media":39462,"comment_status":"closed","ping_status":"closed","template":"","meta":{"_acf_changed":false,"news_tags":"","tags_api":"","footnotes":""},"news-tag":[],"class_list":["post-39461","press-release","type-press-release","status-publish","has-post-thumbnail","hentry"],"acf":[],"yoast_head":"<!-- This site is optimized with the Yoast SEO plugin v25.9 - https:\/\/yoast.com\/wordpress\/plugins\/seo\/ -->\n<title>Alejandro Fern\u00e1ndez Carries K1 Concert Sound System on Tour - L-Acoustics<\/title>\n<meta name=\"description\" content=\"Alejandro Fern\u00e1ndez carries an L-Acoustics K Series concert sound system for a 21-show US arena run on his\u00a0Amor Y Patria\u00a0Tour.\" \/>\n<meta name=\"robots\" content=\"index, follow, max-snippet:-1, max-image-preview:large, max-video-preview:-1\" \/>\n<link rel=\"canonical\" href=\"https:\/\/www.l-acoustics.com\/fr\/press-releases\/alejandro-fernandez-carries-l-acoustics-k1-on-amor-y-patria-tour\/\" \/>\n<meta property=\"og:locale\" content=\"fr_FR\" \/>\n<meta property=\"og:type\" content=\"article\" \/>\n<meta property=\"og:title\" content=\"Alejandro Fern\u00e1ndez Carries K1 Concert Sound System on Tour - L-Acoustics\" \/>\n<meta property=\"og:description\" content=\"Alejandro Fern\u00e1ndez carries an L-Acoustics K Series concert sound system for a 21-show US arena run on his\u00a0Amor Y Patria\u00a0Tour.\" \/>\n<meta property=\"og:url\" content=\"https:\/\/www.l-acoustics.com\/fr\/press-releases\/alejandro-fernandez-carries-l-acoustics-k1-on-amor-y-patria-tour\/\" \/>\n<meta property=\"og:site_name\" content=\"L-Acoustics\" \/>\n<meta property=\"article:modified_time\" content=\"2024-04-29T14:50:59+00:00\" \/>\n<meta property=\"og:image\" content=\"https:\/\/www.l-acoustics.com\/wp-content\/uploads\/2023\/11\/la-fernandez-5.jpg\" \/>\n\t<meta property=\"og:image:width\" content=\"1200\" \/>\n\t<meta property=\"og:image:height\" content=\"900\" \/>\n\t<meta property=\"og:image:type\" content=\"image\/jpeg\" \/>\n<meta name=\"twitter:card\" content=\"summary_large_image\" \/>\n<meta name=\"twitter:label1\" content=\"Dur\u00e9e de lecture estim\u00e9e\" \/>\n\t<meta name=\"twitter:data1\" content=\"4 minutes\" \/>\n<!-- \/ Yoast SEO plugin. -->","yoast_head_json":{"title":"Alejandro Fern\u00e1ndez Carries K1 Concert Sound System on Tour - L-Acoustics","description":"Alejandro Fern\u00e1ndez carries an L-Acoustics K Series concert sound system for a 21-show US arena run on his\u00a0Amor Y Patria\u00a0Tour.","robots":{"index":"index","follow":"follow","max-snippet":"max-snippet:-1","max-image-preview":"max-image-preview:large","max-video-preview":"max-video-preview:-1"},"canonical":"https:\/\/www.l-acoustics.com\/fr\/press-releases\/alejandro-fernandez-carries-l-acoustics-k1-on-amor-y-patria-tour\/","og_locale":"fr_FR","og_type":"article","og_title":"Alejandro Fern\u00e1ndez Carries K1 Concert Sound System on Tour - L-Acoustics","og_description":"Alejandro Fern\u00e1ndez carries an L-Acoustics K Series concert sound system for a 21-show US arena run on his\u00a0Amor Y Patria\u00a0Tour.","og_url":"https:\/\/www.l-acoustics.com\/fr\/press-releases\/alejandro-fernandez-carries-l-acoustics-k1-on-amor-y-patria-tour\/","og_site_name":"L-Acoustics","article_modified_time":"2024-04-29T14:50:59+00:00","og_image":[{"width":1200,"height":900,"url":"https:\/\/www.l-acoustics.com\/wp-content\/uploads\/2023\/11\/la-fernandez-5.jpg","type":"image\/jpeg"}],"twitter_card":"summary_large_image","twitter_misc":{"Dur\u00e9e de lecture estim\u00e9e":"4 minutes"},"schema":{"@context":"https:\/\/schema.org","@graph":[{"@type":"WebPage","@id":"https:\/\/www.l-acoustics.com\/fr\/press-releases\/alejandro-fernandez-carries-l-acoustics-k1-on-amor-y-patria-tour\/","url":"https:\/\/www.l-acoustics.com\/fr\/press-releases\/alejandro-fernandez-carries-l-acoustics-k1-on-amor-y-patria-tour\/","name":"Alejandro Fern\u00e1ndez Carries K1 Concert Sound System on Tour - L-Acoustics","isPartOf":{"@id":"https:\/\/www.l-acoustics.com\/#website"},"primaryImageOfPage":{"@id":"https:\/\/www.l-acoustics.com\/fr\/press-releases\/alejandro-fernandez-carries-l-acoustics-k1-on-amor-y-patria-tour\/#primaryimage"},"image":{"@id":"https:\/\/www.l-acoustics.com\/fr\/press-releases\/alejandro-fernandez-carries-l-acoustics-k1-on-amor-y-patria-tour\/#primaryimage"},"thumbnailUrl":"\/wp-content\/uploads\/2023\/11\/la-fernandez-1.jpg","datePublished":"2023-11-13T15:40:36+00:00","dateModified":"2024-04-29T14:50:59+00:00","description":"Alejandro Fern\u00e1ndez carries an L-Acoustics K Series concert sound system for a 21-show US arena run on his\u00a0Amor Y Patria\u00a0Tour.","breadcrumb":{"@id":"https:\/\/www.l-acoustics.com\/fr\/press-releases\/alejandro-fernandez-carries-l-acoustics-k1-on-amor-y-patria-tour\/#breadcrumb"},"inLanguage":"fr-FR","potentialAction":[{"@type":"ReadAction","target":["https:\/\/www.l-acoustics.com\/fr\/press-releases\/alejandro-fernandez-carries-l-acoustics-k1-on-amor-y-patria-tour\/"]}]},{"@type":"ImageObject","inLanguage":"fr-FR","@id":"https:\/\/www.l-acoustics.com\/fr\/press-releases\/alejandro-fernandez-carries-l-acoustics-k1-on-amor-y-patria-tour\/#primaryimage","url":"\/wp-content\/uploads\/2023\/11\/la-fernandez-1.jpg","contentUrl":"\/wp-content\/uploads\/2023\/11\/la-fernandez-1.jpg","width":1200,"height":900},{"@type":"BreadcrumbList","@id":"https:\/\/www.l-acoustics.com\/fr\/press-releases\/alejandro-fernandez-carries-l-acoustics-k1-on-amor-y-patria-tour\/#breadcrumb","itemListElement":[{"@type":"ListItem","position":1,"name":"Press Releases","item":"https:\/\/app-lacoustics-itd-prd.azurewebsites.net\/press-releases\/"},{"@type":"ListItem","position":2,"name":"Alejandro Fern\u00e1ndez Carries L-Acoustics K1 on\u00a0Amor Y Patria\u00a0Tour"}]},{"@type":"WebSite","@id":"https:\/\/www.l-acoustics.com\/#website","url":"https:\/\/www.l-acoustics.com\/","name":"L-Acoustics","description":"The Best Sound comes from one source","publisher":{"@id":"https:\/\/www.l-acoustics.com\/#organization"},"potentialAction":[{"@type":"SearchAction","target":{"@type":"EntryPoint","urlTemplate":"https:\/\/www.l-acoustics.com\/?s={search_term_string}"},"query-input":{"@type":"PropertyValueSpecification","valueRequired":true,"valueName":"search_term_string"}}],"inLanguage":"fr-FR"},{"@type":"Organization","@id":"https:\/\/www.l-acoustics.com\/#organization","name":"L-Acoustics","url":"https:\/\/www.l-acoustics.com\/","logo":{"@type":"ImageObject","inLanguage":"fr-FR","@id":"https:\/\/www.l-acoustics.com\/#\/schema\/logo\/image\/","url":"\/wp-content\/uploads\/2021\/07\/logo_tablet-1.jpg","contentUrl":"\/wp-content\/uploads\/2021\/07\/logo_tablet-1.jpg","width":143,"height":140,"caption":"L-Acoustics"},"image":{"@id":"https:\/\/www.l-acoustics.com\/#\/schema\/logo\/image\/"}}]}},"_links":{"self":[{"href":"https:\/\/www.l-acoustics.com\/fr\/wp-json\/wp\/v2\/press-release\/39461","targetHints":{"allow":["GET"]}}],"collection":[{"href":"https:\/\/www.l-acoustics.com\/fr\/wp-json\/wp\/v2\/press-release"}],"about":[{"href":"https:\/\/www.l-acoustics.com\/fr\/wp-json\/wp\/v2\/types\/press-release"}],"author":[{"embeddable":true,"href":"https:\/\/www.l-acoustics.com\/fr\/wp-json\/wp\/v2\/users\/56"}],"replies":[{"embeddable":true,"href":"https:\/\/www.l-acoustics.com\/fr\/wp-json\/wp\/v2\/comments?post=39461"}],"version-history":[{"count":0,"href":"https:\/\/www.l-acoustics.com\/fr\/wp-json\/wp\/v2\/press-release\/39461\/revisions"}],"wp:featuredmedia":[{"embeddable":true,"href":"https:\/\/www.l-acoustics.com\/fr\/wp-json\/wp\/v2\/media\/39462"}],"wp:attachment":[{"href":"https:\/\/www.l-acoustics.com\/fr\/wp-json\/wp\/v2\/media?parent=39461"}],"wp:term":[{"taxonomy":"news-tag","embeddable":true,"href":"https:\/\/www.l-acoustics.com\/fr\/wp-json\/wp\/v2\/news-tag?post=39461"}],"curies":[{"name":"wp","href":"https:\/\/api.w.org\/{rel}","templated":true}]}}