{"id":297864,"date":"2024-06-27T17:08:48","date_gmt":"2024-06-27T15:08:48","guid":{"rendered":"https:\/\/www.l-acoustics.com\/?post_type=press-release&#038;p=297864"},"modified":"2025-05-07T17:23:59","modified_gmt":"2025-05-07T15:23:59","slug":"jonkoping-konsert-kongress-installs-first-l-acoustics-l-series-in-nordics","status":"publish","type":"press-release","link":"https:\/\/www.l-acoustics.com\/fr\/press-releases\/jonkoping-konsert-kongress-installs-first-l-acoustics-l-series-in-nordics\/","title":{"rendered":"J\u00f6nk\u00f6ping Konsert &amp; Kongress Installs First L-Acoustics L Series in Nordics"},"content":{"rendered":"\n<hr class=\"wp-block-separator has-alpha-channel-opacity\"\/>\n\n\n\n<p><strong>J\u00d6NK\u00d6PING, Sweden &#8211; June 2024<\/strong>\u00a0\u2014 \u201cOur goal is to continuously foster innovation, creativity, and inspiration,\u201d says Camilla Fritz, Head of Concert Operations at J\u00f6nk\u00f6ping Konsert &amp; Kongress. \u201cWith our new L Series professional sound system, we can offer a first-class audio experience for all visitors, whether they are attending a conference or enjoying a concert.<\/p>\n\n\n\n<p>Formerly Elmia Konsert &amp; Kongress, the venue was renovated and rebranded before reopening in November of last year. The renovation was a collaboration between JKPG Fast which owns the property, Elmia, and Destination J\u00f6nk\u00f6ping which manages the space. Together. they ensured that the renewed venue was focused on enhancing the experience for both business and cultural events.<\/p>\n\n\n\n<figure class=\"wp-block-gallery has-nested-images columns-default is-cropped wp-block-gallery-1 is-layout-flex wp-block-gallery-is-layout-flex\">\n<figure class=\"wp-block-image size-large\"><img loading=\"lazy\" decoding=\"async\" width=\"1024\" height=\"683\" data-id=\"297865\" src=\"\/wp-content\/uploads\/2024\/06\/la-jonkoping-1-1024x683.jpg\" alt=\"J\u00f6nk\u00f6ping Konsert &amp; Kongress boasts the first L-Acoustics L series installation in the Nordics\" class=\"wp-image-297865\" srcset=\"\/wp-content\/uploads\/2024\/06\/la-jonkoping-1-1024x683.jpg 1024w, \/wp-content\/uploads\/2024\/06\/la-jonkoping-1-300x200.jpg 300w, \/wp-content\/uploads\/2024\/06\/la-jonkoping-1-768x512.jpg 768w, \/wp-content\/uploads\/2024\/06\/la-jonkoping-1.jpg 1200w\" sizes=\"auto, (max-width: 1024px) 100vw, 1024px\" \/><figcaption class=\"wp-element-caption\">J\u00f6nk\u00f6ping Konsert &amp; Kongress boasts the first L-Acoustics L series installation in the Nordics<\/figcaption><\/figure>\n\n\n\n<figure class=\"wp-block-image size-large\"><img loading=\"lazy\" decoding=\"async\" width=\"1024\" height=\"768\" data-id=\"297867\" src=\"\/wp-content\/uploads\/2024\/06\/la-jonkoping-2-1024x768.jpg\" alt=\"With the L-Acoustics L Series sound system the venue can offer a first-class audio experience for all visitors\" class=\"wp-image-297867\" srcset=\"\/wp-content\/uploads\/2024\/06\/la-jonkoping-2-1024x768.jpg 1024w, \/wp-content\/uploads\/2024\/06\/la-jonkoping-2-300x225.jpg 300w, \/wp-content\/uploads\/2024\/06\/la-jonkoping-2-768x576.jpg 768w, \/wp-content\/uploads\/2024\/06\/la-jonkoping-2.jpg 1200w\" sizes=\"auto, (max-width: 1024px) 100vw, 1024px\" \/><figcaption class=\"wp-element-caption\">With the L-Acoustics L Series sound system the venue can offer a first-class audio experience for all visitors<\/figcaption><\/figure>\n<\/figure>\n\n\n\n<p>The state-of-the-art L-Acoustics L Series concert sound system from L-Acoustics marks a significant milestone in the ongoing transformation of J\u00f6nk\u00f6ping Konsert &amp; Kongress, solidifying its status as a premier destination for cultural and corporate events. Those events are diverse, ranging from congresses and corporate meetings to performances that include stand-up comedy, musicals, and concerts. The venue\u2019s centrepiece, the 1,000-seat Hammarskj\u00f6ld Hall frequently sells out.<\/p>\n\n\n\n<p>Installed by L-Acoustics Certified Provider Integrator JLE Audio, the system consists of two left\/right hangs of one <a href=\"https:\/\/www.l-acoustics.com\/products\/L2\/\" target=\"_blank\" rel=\"noreferrer noopener\">L2<\/a> over one <a href=\"https:\/\/www.l-acoustics.com\/products\/L2D\/\" target=\"_blank\" rel=\"noreferrer noopener\">L2D<\/a> which provide clarity and advanced directional control across all frequencies. Four <a href=\"https:\/\/www.l-acoustics.com\/products\/KS28\/\" target=\"_blank\" rel=\"noreferrer noopener\">KS28 subwoofers<\/a> are flown centrally with an additional four KS28 placed on the floor to provide low-end extension, while eight <a href=\"https:\/\/www.l-acoustics.com\/products\/L2D\/\" target=\"_blank\" rel=\"noreferrer noopener\">X8<\/a> coaxial loudspeakers are used for front-fill and two for under balcony fill. Amplified controllers driving the system include four <a href=\"https:\/\/www.l-acoustics.com\/products\/LA7.16\/\" target=\"_blank\" rel=\"noreferrer noopener\">LA7.16i<\/a> for the L Series, two <a href=\"https:\/\/www.l-acoustics.com\/products\/LA12X\/\" target=\"_blank\" rel=\"noreferrer noopener\">LA12X<\/a> for the KS28, one <a href=\"https:\/\/www.l-acoustics.com\/products\/LA4X\/\" target=\"_blank\" rel=\"noreferrer noopener\">LA4X<\/a> for front-fills and one <a href=\"https:\/\/www.l-acoustics.com\/products\/LA2Xi\/\" target=\"_blank\" rel=\"noreferrer noopener\">LA2Xi<\/a> for under balcony fills. The whole system feeds from one P1 processor through a Milan-AVB network.<\/p>\n\n\n\n<figure class=\"wp-block-gallery has-nested-images columns-default is-cropped wp-block-gallery-2 is-layout-flex wp-block-gallery-is-layout-flex\">\n<figure class=\"wp-block-image size-large\"><img loading=\"lazy\" decoding=\"async\" width=\"683\" height=\"1024\" data-id=\"297869\" src=\"\/wp-content\/uploads\/2024\/06\/la-jonkoping-3-683x1024.jpg\" alt=\"The L-Acoustics sound system at J\u00f6nk\u00f6ping Konsert &amp; Kongress consists of two left\/right hangs of one L2 over one L2D which provide clarity and advanced directional control across all frequencies\" class=\"wp-image-297869\" srcset=\"\/wp-content\/uploads\/2024\/06\/la-jonkoping-3-683x1024.jpg 683w, \/wp-content\/uploads\/2024\/06\/la-jonkoping-3-200x300.jpg 200w, \/wp-content\/uploads\/2024\/06\/la-jonkoping-3-768x1152.jpg 768w, \/wp-content\/uploads\/2024\/06\/la-jonkoping-3.jpg 800w\" sizes=\"auto, (max-width: 683px) 100vw, 683px\" \/><figcaption class=\"wp-element-caption\">The L-Acoustics sound system at J\u00f6nk\u00f6ping Konsert &amp; Kongress consists of two left\/right hangs of one L2 over one L2D which provide clarity and advanced directional control across all frequencies<\/figcaption><\/figure>\n\n\n\n<figure class=\"wp-block-image size-large\"><img loading=\"lazy\" decoding=\"async\" width=\"683\" height=\"1024\" data-id=\"297871\" src=\"\/wp-content\/uploads\/2024\/06\/la-jonkoping-4-683x1024.jpg\" alt=\"The L-Acoustics sound system at J\u00f6nk\u00f6ping Konsert &amp; Kongress sets a new standard for sound quality in the region.\" class=\"wp-image-297871\" srcset=\"\/wp-content\/uploads\/2024\/06\/la-jonkoping-4-683x1024.jpg 683w, \/wp-content\/uploads\/2024\/06\/la-jonkoping-4-200x300.jpg 200w, \/wp-content\/uploads\/2024\/06\/la-jonkoping-4-768x1152.jpg 768w, \/wp-content\/uploads\/2024\/06\/la-jonkoping-4.jpg 800w\" sizes=\"auto, (max-width: 683px) 100vw, 683px\" \/><figcaption class=\"wp-element-caption\">The L-Acoustics sound system at J\u00f6nk\u00f6ping Konsert &amp; Kongress sets a new standard for sound quality in the region.<\/figcaption><\/figure>\n<\/figure>\n\n\n\n<p>\u201cWe are thrilled that J\u00f6nk\u00f6ping Konsert &amp; Kongress has invested in such an advanced sound system,\u201d says Johannes Jonsson, CEO at JLE Audio. \u201cThe L Series offers many unique features and delivers incredible resolution. We believe this installation sets a new standard for sound quality in the region.\u201d<\/p>\n\n\n\n<p>J\u00f6nk\u00f6ping Konsert &amp; Kongress boasts the first L Series in Sweden and in the Nordic region, a sound system that matches the prestige of the venue and which meets the high standards expected by artists, technicians and audiences. \u201cThis upgrade not only enhances the quality of our events, but also strengthens our reputation as a leading cultural and corporate event venue,\u201d concludes Fritz.<\/p>\n\n\n\n<p>Press release assets are found by\u00a0<a href=\"https:\/\/medialibrary.l-acoustics.com\/bBEOwz59r\" target=\"_blank\" rel=\"noreferrer noopener\">clicking here<\/a>.<\/p>\n\n\n\n<p><a href=\"https:\/\/eur01.safelinks.protection.outlook.com\/?url=https%3A%2F%2Folexcommunications.cmail20.com%2Ft%2Ft-l-ekrdlo-jdlrjrhdly-y%2F&amp;data=05%7C02%7Ccamille.palmich%40l-acoustics.com%7C2912923701924c490df108dc9683633e%7C68e431e8d632483eae79f28a7b4c69e6%7C0%7C0%7C638550738277637204%7CUnknown%7CTWFpbGZsb3d8eyJWIjoiMC4wLjAwMDAiLCJQIjoiV2luMzIiLCJBTiI6Ik1haWwiLCJXVCI6Mn0%3D%7C0%7C%7C%7C&amp;sdata=BbnVKrrFnWr5vx31ulITDjIYvBYDQjMoSrLfSjTtZXk%3D&amp;reserved=0\"><\/a><\/p>\n","protected":false},"excerpt":{"rendered":"<p>J\u00d6NK\u00d6PING, Sweden &#8211; June 2024\u00a0\u2014 \u201cOur goal is to continuously foster innovation, creativity, and inspiration,\u201d says Camilla Fritz, Head of Concert Operations at J\u00f6nk\u00f6ping Konsert &amp; Kongress. \u201cWith our new L Series professional sound system, we can offer a first-class audio experience for all visitors, whether they are attending a conference or enjoying a concert. [&hellip;]<\/p>\n","protected":false},"author":56,"featured_media":297867,"comment_status":"closed","ping_status":"closed","template":"","meta":{"_acf_changed":false,"news_tags":"","tags_api":"","footnotes":""},"news-tag":[],"class_list":["post-297864","press-release","type-press-release","status-publish","has-post-thumbnail","hentry"],"acf":[],"yoast_head":"<!-- This site is optimized with the Yoast SEO plugin v25.9 - https:\/\/yoast.com\/wordpress\/plugins\/seo\/ -->\n<title>J\u00f6nk\u00f6ping Konsert &amp; Kongress Installs First L Series in Nordics - L-Acoustics<\/title>\n<meta name=\"description\" content=\"J\u00f6nk\u00f6ping Konsert &amp; Kongress Installs First L-Acoustics L Series Professional Sound System in Nordics J\u00d6NK\u00d6PING, Sweden.\" \/>\n<meta name=\"robots\" content=\"index, follow, max-snippet:-1, max-image-preview:large, max-video-preview:-1\" \/>\n<link rel=\"canonical\" href=\"https:\/\/www.l-acoustics.com\/press-releases\/jonkoping-konsert-kongress-installs-first-l-acoustics-l-series-in-nordics\/\" \/>\n<meta property=\"og:locale\" content=\"fr_FR\" \/>\n<meta property=\"og:type\" content=\"article\" \/>\n<meta property=\"og:title\" content=\"J\u00f6nk\u00f6ping Konsert &amp; Kongress Installs First L Series in Nordics - L-Acoustics\" \/>\n<meta property=\"og:description\" content=\"J\u00f6nk\u00f6ping Konsert &amp; Kongress Installs First L-Acoustics L Series Professional Sound System in Nordics J\u00d6NK\u00d6PING, Sweden.\" \/>\n<meta property=\"og:url\" content=\"https:\/\/www.l-acoustics.com\/press-releases\/jonkoping-konsert-kongress-installs-first-l-acoustics-l-series-in-nordics\/\" \/>\n<meta property=\"og:site_name\" content=\"L-Acoustics\" \/>\n<meta property=\"article:modified_time\" content=\"2025-05-07T15:23:59+00:00\" \/>\n<meta property=\"og:image\" content=\"https:\/\/www.l-acoustics.com\/wp-content\/uploads\/2024\/06\/la-jonkoping-1.jpg\" \/>\n\t<meta property=\"og:image:width\" content=\"1200\" \/>\n\t<meta property=\"og:image:height\" content=\"800\" \/>\n\t<meta property=\"og:image:type\" content=\"image\/jpeg\" \/>\n<meta name=\"twitter:card\" content=\"summary_large_image\" \/>\n<meta name=\"twitter:label1\" content=\"Dur\u00e9e de lecture estim\u00e9e\" \/>\n\t<meta name=\"twitter:data1\" content=\"3 minutes\" \/>\n<!-- \/ Yoast SEO plugin. -->","yoast_head_json":{"title":"J\u00f6nk\u00f6ping Konsert & Kongress Installs First L Series in Nordics - L-Acoustics","description":"J\u00f6nk\u00f6ping Konsert & Kongress Installs First L-Acoustics L Series Professional Sound System in Nordics J\u00d6NK\u00d6PING, Sweden.","robots":{"index":"index","follow":"follow","max-snippet":"max-snippet:-1","max-image-preview":"max-image-preview:large","max-video-preview":"max-video-preview:-1"},"canonical":"https:\/\/www.l-acoustics.com\/press-releases\/jonkoping-konsert-kongress-installs-first-l-acoustics-l-series-in-nordics\/","og_locale":"fr_FR","og_type":"article","og_title":"J\u00f6nk\u00f6ping Konsert & Kongress Installs First L Series in Nordics - L-Acoustics","og_description":"J\u00f6nk\u00f6ping Konsert & Kongress Installs First L-Acoustics L Series Professional Sound System in Nordics J\u00d6NK\u00d6PING, Sweden.","og_url":"https:\/\/www.l-acoustics.com\/press-releases\/jonkoping-konsert-kongress-installs-first-l-acoustics-l-series-in-nordics\/","og_site_name":"L-Acoustics","article_modified_time":"2025-05-07T15:23:59+00:00","og_image":[{"width":1200,"height":800,"url":"https:\/\/www.l-acoustics.com\/wp-content\/uploads\/2024\/06\/la-jonkoping-1.jpg","type":"image\/jpeg"}],"twitter_card":"summary_large_image","twitter_misc":{"Dur\u00e9e de lecture estim\u00e9e":"3 minutes"},"schema":{"@context":"https:\/\/schema.org","@graph":[{"@type":"WebPage","@id":"https:\/\/www.l-acoustics.com\/press-releases\/jonkoping-konsert-kongress-installs-first-l-acoustics-l-series-in-nordics\/","url":"https:\/\/www.l-acoustics.com\/press-releases\/jonkoping-konsert-kongress-installs-first-l-acoustics-l-series-in-nordics\/","name":"J\u00f6nk\u00f6ping Konsert & Kongress Installs First L Series in Nordics - L-Acoustics","isPartOf":{"@id":"https:\/\/www.l-acoustics.com\/#website"},"primaryImageOfPage":{"@id":"https:\/\/www.l-acoustics.com\/press-releases\/jonkoping-konsert-kongress-installs-first-l-acoustics-l-series-in-nordics\/#primaryimage"},"image":{"@id":"https:\/\/www.l-acoustics.com\/press-releases\/jonkoping-konsert-kongress-installs-first-l-acoustics-l-series-in-nordics\/#primaryimage"},"thumbnailUrl":"\/wp-content\/uploads\/2024\/06\/la-jonkoping-2.jpg","datePublished":"2024-06-27T15:08:48+00:00","dateModified":"2025-05-07T15:23:59+00:00","description":"J\u00f6nk\u00f6ping Konsert & Kongress Installs First L-Acoustics L Series Professional Sound System in Nordics J\u00d6NK\u00d6PING, Sweden.","breadcrumb":{"@id":"https:\/\/www.l-acoustics.com\/press-releases\/jonkoping-konsert-kongress-installs-first-l-acoustics-l-series-in-nordics\/#breadcrumb"},"inLanguage":"fr-FR","potentialAction":[{"@type":"ReadAction","target":["https:\/\/www.l-acoustics.com\/press-releases\/jonkoping-konsert-kongress-installs-first-l-acoustics-l-series-in-nordics\/"]}]},{"@type":"ImageObject","inLanguage":"fr-FR","@id":"https:\/\/www.l-acoustics.com\/press-releases\/jonkoping-konsert-kongress-installs-first-l-acoustics-l-series-in-nordics\/#primaryimage","url":"\/wp-content\/uploads\/2024\/06\/la-jonkoping-2.jpg","contentUrl":"\/wp-content\/uploads\/2024\/06\/la-jonkoping-2.jpg","width":1200,"height":900},{"@type":"BreadcrumbList","@id":"https:\/\/www.l-acoustics.com\/press-releases\/jonkoping-konsert-kongress-installs-first-l-acoustics-l-series-in-nordics\/#breadcrumb","itemListElement":[{"@type":"ListItem","position":1,"name":"Press Releases","item":"https:\/\/app-lacoustics-itd-prd.azurewebsites.net\/press-releases\/"},{"@type":"ListItem","position":2,"name":"J\u00f6nk\u00f6ping Konsert &amp; Kongress Installs First L-Acoustics L Series in Nordics"}]},{"@type":"WebSite","@id":"https:\/\/www.l-acoustics.com\/#website","url":"https:\/\/www.l-acoustics.com\/","name":"L-Acoustics","description":"The Best Sound comes from one source","publisher":{"@id":"https:\/\/www.l-acoustics.com\/#organization"},"potentialAction":[{"@type":"SearchAction","target":{"@type":"EntryPoint","urlTemplate":"https:\/\/www.l-acoustics.com\/?s={search_term_string}"},"query-input":{"@type":"PropertyValueSpecification","valueRequired":true,"valueName":"search_term_string"}}],"inLanguage":"fr-FR"},{"@type":"Organization","@id":"https:\/\/www.l-acoustics.com\/#organization","name":"L-Acoustics","url":"https:\/\/www.l-acoustics.com\/","logo":{"@type":"ImageObject","inLanguage":"fr-FR","@id":"https:\/\/www.l-acoustics.com\/#\/schema\/logo\/image\/","url":"\/wp-content\/uploads\/2021\/07\/logo_tablet-1.jpg","contentUrl":"\/wp-content\/uploads\/2021\/07\/logo_tablet-1.jpg","width":143,"height":140,"caption":"L-Acoustics"},"image":{"@id":"https:\/\/www.l-acoustics.com\/#\/schema\/logo\/image\/"}}]}},"_links":{"self":[{"href":"https:\/\/www.l-acoustics.com\/fr\/wp-json\/wp\/v2\/press-release\/297864","targetHints":{"allow":["GET"]}}],"collection":[{"href":"https:\/\/www.l-acoustics.com\/fr\/wp-json\/wp\/v2\/press-release"}],"about":[{"href":"https:\/\/www.l-acoustics.com\/fr\/wp-json\/wp\/v2\/types\/press-release"}],"author":[{"embeddable":true,"href":"https:\/\/www.l-acoustics.com\/fr\/wp-json\/wp\/v2\/users\/56"}],"replies":[{"embeddable":true,"href":"https:\/\/www.l-acoustics.com\/fr\/wp-json\/wp\/v2\/comments?post=297864"}],"version-history":[{"count":1,"href":"https:\/\/www.l-acoustics.com\/fr\/wp-json\/wp\/v2\/press-release\/297864\/revisions"}],"predecessor-version":[{"id":721811,"href":"https:\/\/www.l-acoustics.com\/fr\/wp-json\/wp\/v2\/press-release\/297864\/revisions\/721811"}],"wp:featuredmedia":[{"embeddable":true,"href":"https:\/\/www.l-acoustics.com\/fr\/wp-json\/wp\/v2\/media\/297867"}],"wp:attachment":[{"href":"https:\/\/www.l-acoustics.com\/fr\/wp-json\/wp\/v2\/media?parent=297864"}],"wp:term":[{"taxonomy":"news-tag","embeddable":true,"href":"https:\/\/www.l-acoustics.com\/fr\/wp-json\/wp\/v2\/news-tag?post=297864"}],"curies":[{"name":"wp","href":"https:\/\/api.w.org\/{rel}","templated":true}]}}