{"id":18420,"date":"2021-11-02T22:03:46","date_gmt":"2021-11-02T21:03:46","guid":{"rendered":"https:\/\/www.l-acoustics.com\/?post_type=hot-news&#038;p=18420"},"modified":"2025-02-04T15:07:34","modified_gmt":"2025-02-04T14:07:34","slug":"music-lovers-enjoy-beautifully-natural-sound-with-l-acoustics-l-isa-at-jazz-a-la-villette","status":"publish","type":"press-release","link":"https:\/\/www.l-acoustics.com\/fr\/press-releases\/music-lovers-enjoy-beautifully-natural-sound-with-l-acoustics-l-isa-at-jazz-a-la-villette\/","title":{"rendered":"Music Lovers Enjoy Beautifully Natural Sound with L-Acoustics L-ISA at Jazz \u00e0 la Villette"},"content":{"rendered":"\n<p><em>Over 30,000 jazz enthusiasts come together for 11 days of musical celebration at the annual Paris jazz festival, delivered in immersive audio<\/em><\/p>\n\n\n\n<hr class=\"wp-block-separator has-css-opacity\"\/>\n\n\n\n<p><strong>PARIS, France \u2013 October 2021 \u2013<\/strong> Each September, thousands of jazz fans descend on the third largest park in Paris, The Parc de la Villette, to enjoy the renowned festival Jazz \u00e0 La Villette. The festival, which highlights the most prominent artists of the moment and the many jazz styles, also looks back at the history of this musical genre, often paying tribute to a particularly important year or an inspiring musician. With sets from an exceptional roster of artists, this year&#8217;s festival presented a sharp and eclectic program that opened new audio perspectives thanks to <a href=\"https:\/\/l-isa-immersive.com\/\" target=\"_blank\" rel=\"noreferrer noopener\">L-Acoustics L-ISA Hyperreal Sound<\/a> technology.<\/p>\n\n\n\n<p>Cit\u00e9 de la Musique, one of two buildings comprising the Philharmonie de Paris, was one of the key venues for the festival. Emmanuelle Corbeau, Deputy Head of the Audio-Visual Department at the Philharmonie de Paris, managed the L-ISA deployment at the Cit\u00e9 de la Musique&#8217;s Salle des Concerts (Concert Hall).<\/p>\n\n\n\n<p>&#8220;I have been fascinated by sound spatialization for as long as I can remember. But initially working as an in-ear monitor engineer, I didn&#8217;t get many opportunities to play with that technology, apart from looking into some binaural research available at the time,&#8221; says Corbeau. &#8220;When I joined the Philharmonie de Paris in 2015 as their front-of-house engineer, it opened up a new world of possibilities in spatialized sound for me. One day, a friend of mine, who was mixing a Bubble in 23.1 for L-Acoustics Creations Island, mentioned that it was much easier to mix with L-ISA &#8216;because everything was so natural.&#8217; This really made me want to get my hands on L-ISA technology and have my own experience with it.&#8221;<\/p>\n\n\n\n<p>Having seen some L-ISA demos at tradeshows and exhibitions, Corbeau first enrolled in a dedicated spatialized sound course with the CFPTS (Centre de Formation Professionnel de Technique de Spectacle), where she was able to get a general overview of spatialized technologies with L-Acoustics&#8217; Etienne Corteel teaching the L-ISA section. Corbeau then experienced her first live show in L-ISA at the Cit\u00e9 de la Musique in 2019, leading the entire project with support from L-Acoustics.<\/p>\n\n\n\n<p>&#8220;The event was an electronic music concert and was a great success. So much so that I was determined to use L-ISA again!&#8221; exclaims Corbeau. She and the team from the Philharmonie went on to explore the full potential of L-ISA technology, attending a dedicated training session led by L-Acoustics head of application projects, Arnaud Delorme.<\/p>\n\n\n\n<p>The opportunity for Corbeau to use her training soon presented itself with this year&#8217;s Jazz \u00e0 La Villette festival. It was a perfect platform for the L-ISA technology to open performers to new perspectives and create a natural and vibrant listening experience for jazz fans.<\/p>\n\n\n\n<p>The Philharmonie has L-Acoustics <a href=\"https:\/\/www.l-acoustics.com\/products\/k2\/\" target=\"_blank\" rel=\"noreferrer noopener\">K2<\/a> and <a href=\"https:\/\/www.l-acoustics.com\/products\/kara-ii\/\" target=\"_blank\" rel=\"noreferrer noopener\">Kara<\/a> systems permanently installed in both venues. Corbeau utilized the Kara cabinets in Cit\u00e9 de la Musique, supplementing them with additional cabinets from rental and installation specialists Audiolive to deliver a complete L-ISA Scene system. Additional cabinets were used as &#8216;spatial fills,&#8217; a new feature from L-Acoustics that creates a virtual replica of the Scene System where cross-coverage cannot be physically achieved, then using gain\/delay-based algorithms for positioning audio objects, thus improving object separation, coverage, and level consistency.<\/p>\n\n\n\n<p>Having just one day to set everything up, Delorme had assisted Corbeau with the design element before the event. &#8220;Although the training I&#8217;ve had meant that I was able to handle the setup myself, it was a nice feeling to know I had a &#8216;safety net&#8217; in case of any issues,&#8221; she adds.<\/p>\n\n\n\n<p>&#8220;The L-Acoustics team is always ready to support shows, especially with L-ISA, but to be honest, my job was easy here,&#8221; says Delorme. &#8220;Emmanuelle handled it beautifully, from design to mix, thanks to her talent and to the intuitive nature of L-ISA, which makes it easy to switch from a classic stereo configuration to immersive.&#8221;<\/p>\n\n\n\n<p>The final configuration for the oval-shaped Concert Hall comprised a main L-ISA Scene system of five hangs of eight Kara each, evenly distributed across the front of the stage, with two hangs of two <a href=\"https:\/\/www.l-acoustics.com\/loudspeakers\/a-series\/\" target=\"_blank\" rel=\"noreferrer noopener\">A10<\/a> (one <a href=\"https:\/\/www.l-acoustics.com\/products\/a10-wide\/\">Wide<\/a>, one <a href=\"https:\/\/www.l-acoustics.com\/products\/a10-focus\/\" target=\"_blank\" rel=\"noreferrer noopener\">Focus<\/a>) for outfill. Spatial fills comprised eight stacks of one <a href=\"https:\/\/www.l-acoustics.com\/products\/kiva-ii\/\" target=\"_blank\" rel=\"noreferrer noopener\">Kiva II<\/a>, evenly spaced across the front of the stage, with six facing directly forward with the two outer Kiva II angled towards the side seating. Surround was covered by four 115XT, spaced evenly around the auditorium above the balcony level, suspended from trussing.<\/p>\n\n\n\n<p>Corbeau was on hand to assist visiting audio engineers while also working as a FOH mix engineer for some of the acts. &#8220;I mixed two very different performances \u2013 one was a jazz quartet with a very natural sound, the other was a performance with a lot of energy, so a lot of SPL was needed,&#8221; says Corbeau. &#8220;A major advantage for both is that object-based mixing is so much easier for the brain to process, compared to stereo, and provides a much more pleasant listening experience.&#8221;<\/p>\n\n\n\n<p>&#8220;I found the L-ISA 3D mixing environment really intuitive and straightforward,&#8221; explains Corbeau. &#8220;Being fairly accustomed to the L-Acoustics workflow and tools such as <a href=\"https:\/\/www.l-acoustics.com\/products\/soundvision\/\" target=\"_blank\" rel=\"noreferrer noopener\">Soundvision<\/a> and<a href=\"https:\/\/www.l-acoustics.com\/products\/network-manager\/\" target=\"_blank\" rel=\"noreferrer noopener\"> LA Network Manager<\/a> definitely helped when deploying the technology for the festival, but I also remember one of the musicians in the L-ISA course saying the <a href=\"https:\/\/www.l-acoustics.com\/products\/l-isa-controller\/\" target=\"_blank\" rel=\"noreferrer noopener\">L-ISA Controller<\/a> was a really easy tool to use, even without previous experience or technical knowledge.&#8221;<\/p>\n\n\n\n<p>Some of the visiting sound engineers were especially pleased with how easy it was to use the L-ISA Controller and with how they could place and unmask the sources. &#8220;One of the engineers, in particular, was mixing a really loud performance, which worked exceptionally well in L-ISA, as with multiple sources, it&#8217;s easy to go from low to high SPL without it being fatiguing for the listener, which was reassuring to him,&#8221; notes Corbeau.<\/p>\n\n\n\n<p>&#8220;One of the most beautiful things about L-ISA is that it literally envelops the person in a 3D soundscape, so you feel as if the music is not just in front of you, you&#8217;re surrounded by it,&#8221; Corbeau continues. &#8220;Both the technical director at Philharmonie de Paris and the technical manager of the venue told me that it was much easier for them to hear the nuances between different instruments, so they could go deeper into the sound layers and really appreciate the full scale of the musical performance.&#8221; After 11 days of jazz-filled moments with some of the most renowned and talented musicians, there is one thing that Corbeau says she will miss. &#8220;It was such a great experience using L-ISA for Jazz \u00e0 La Villette that I find it difficult going back to mixing stereo,&#8221; she smiles. &#8220;I truly think it&#8217;s worth learning this new language of object-based mixing, as it&#8217;s the future of sound. I hope we can repeat this amazing experience with L-ISA next year and for many years to come.&#8221;<\/p>\n\n\n\n<figure class=\"wp-block-gallery has-nested-images columns-default is-cropped wp-block-gallery-1 is-layout-flex wp-block-gallery-is-layout-flex\">\n<figure class=\"wp-block-image size-large\"><img loading=\"lazy\" decoding=\"async\" width=\"1024\" height=\"768\" data-id=\"18429\" src=\"\/wp-content\/uploads\/2021\/11\/LA_Jazz-a-La-Villette-2021_02_ed-1024x768.jpg\" alt=\"\" class=\"wp-image-18429\" srcset=\"\/wp-content\/uploads\/2021\/11\/LA_Jazz-a-La-Villette-2021_02_ed-1024x768.jpg 1024w, \/wp-content\/uploads\/2021\/11\/LA_Jazz-a-La-Villette-2021_02_ed-300x225.jpg 300w, \/wp-content\/uploads\/2021\/11\/LA_Jazz-a-La-Villette-2021_02_ed-768x576.jpg 768w, \/wp-content\/uploads\/2021\/11\/LA_Jazz-a-La-Villette-2021_02_ed-1536x1152.jpg 1536w, \/wp-content\/uploads\/2021\/11\/LA_Jazz-a-La-Villette-2021_02_ed.jpg 1600w\" sizes=\"auto, (max-width: 1024px) 100vw, 1024px\" \/><figcaption class=\"wp-element-caption\">The main L-ISA Scene system comprises main hangs of L-Acoustics Kara with A10 for out-fill, Kiva II for spatial fills and 115XT for surround.<\/figcaption><\/figure>\n\n\n\n<figure class=\"wp-block-image size-large\"><img loading=\"lazy\" decoding=\"async\" width=\"1024\" height=\"1024\" data-id=\"18427\" src=\"\/wp-content\/uploads\/2021\/11\/LA_Jazz-a-La-Villette-2021_01_ed-1024x1024.jpg\" alt=\"\" class=\"wp-image-18427\" srcset=\"\/wp-content\/uploads\/2021\/11\/LA_Jazz-a-La-Villette-2021_01_ed-1024x1024.jpg 1024w, \/wp-content\/uploads\/2021\/11\/LA_Jazz-a-La-Villette-2021_01_ed-300x300.jpg 300w, \/wp-content\/uploads\/2021\/11\/LA_Jazz-a-La-Villette-2021_01_ed-150x150.jpg 150w, \/wp-content\/uploads\/2021\/11\/LA_Jazz-a-La-Villette-2021_01_ed-768x768.jpg 768w, \/wp-content\/uploads\/2021\/11\/LA_Jazz-a-La-Villette-2021_01_ed.jpg 1358w\" sizes=\"auto, (max-width: 1024px) 100vw, 1024px\" \/><figcaption class=\"wp-element-caption\">L-ISA Hyperreal Sound technology opened up new audio perspectives for Jazz \u00e0 La Villette audiences at Cit\u00e9 de la Musique.<\/figcaption><\/figure>\n\n\n\n<figure class=\"wp-block-image size-large\"><img loading=\"lazy\" decoding=\"async\" width=\"1024\" height=\"768\" data-id=\"18431\" src=\"\/wp-content\/uploads\/2021\/11\/LA_Jazz-a-La-Villette-2021_04_ed-1024x768.jpg\" alt=\"\" class=\"wp-image-18431\" srcset=\"\/wp-content\/uploads\/2021\/11\/LA_Jazz-a-La-Villette-2021_04_ed-1024x768.jpg 1024w, \/wp-content\/uploads\/2021\/11\/LA_Jazz-a-La-Villette-2021_04_ed-300x225.jpg 300w, \/wp-content\/uploads\/2021\/11\/LA_Jazz-a-La-Villette-2021_04_ed-768x576.jpg 768w, \/wp-content\/uploads\/2021\/11\/LA_Jazz-a-La-Villette-2021_04_ed.jpg 1452w\" sizes=\"auto, (max-width: 1024px) 100vw, 1024px\" \/><figcaption class=\"wp-element-caption\">L-ISA Controller provided an intuitive and straightforward mixing environment.<\/figcaption><\/figure>\n\n\n\n<figure class=\"wp-block-image size-large\"><img loading=\"lazy\" decoding=\"async\" width=\"1024\" height=\"769\" data-id=\"18433\" src=\"\/wp-content\/uploads\/2021\/11\/LA_Jazz-a-La-Villette-2021_03_ed-1024x769.png\" alt=\"\" class=\"wp-image-18433\" srcset=\"\/wp-content\/uploads\/2021\/11\/LA_Jazz-a-La-Villette-2021_03_ed-1024x769.png 1024w, \/wp-content\/uploads\/2021\/11\/LA_Jazz-a-La-Villette-2021_03_ed-300x225.png 300w, \/wp-content\/uploads\/2021\/11\/LA_Jazz-a-La-Villette-2021_03_ed-768x576.png 768w, \/wp-content\/uploads\/2021\/11\/LA_Jazz-a-La-Villette-2021_03_ed.png 1307w\" sizes=\"auto, (max-width: 1024px) 100vw, 1024px\" \/><figcaption class=\"wp-element-caption\">Five hangs of eight L-Acoustics Kara are evenly distributed across the front of the Cit\u00e9 de la Musique stage.<\/figcaption><\/figure>\n<\/figure>\n","protected":false},"excerpt":{"rendered":"<p>Over 30,000 jazz enthusiasts gather for 11 days of musical celebration at the Paris Jazz \u00e0 la Villette festival in L-ISA immersive audio<\/p>\n","protected":false},"author":7,"featured_media":18427,"comment_status":"closed","ping_status":"closed","template":"","meta":{"_acf_changed":false,"news_tags":"","tags_api":"","footnotes":""},"news-tag":[],"class_list":["post-18420","press-release","type-press-release","status-publish","has-post-thumbnail","hentry"],"acf":[],"yoast_head":"<!-- This site is optimized with the Yoast SEO plugin v25.9 - https:\/\/yoast.com\/wordpress\/plugins\/seo\/ -->\n<title>Music Lovers Enjoy Beautifully Natural Sound with L-Acoustics L-ISA at Jazz \u00e0 la Villette - L-Acoustics<\/title>\n<meta name=\"description\" content=\"Over 30,000 jazz enthusiasts gather for 11 days of musical celebration at the Paris Jazz \u00e0 la Villette festival in L-ISA immersive audio\" \/>\n<meta name=\"robots\" content=\"index, follow, max-snippet:-1, max-image-preview:large, max-video-preview:-1\" \/>\n<link rel=\"canonical\" href=\"https:\/\/www.l-acoustics.com\/fr\/press-releases\/music-lovers-enjoy-beautifully-natural-sound-with-l-acoustics-l-isa-at-jazz-a-la-villette\/\" \/>\n<meta property=\"og:locale\" content=\"fr_FR\" \/>\n<meta property=\"og:type\" content=\"article\" \/>\n<meta property=\"og:title\" content=\"Music Lovers Enjoy Beautifully Natural Sound with L-Acoustics L-ISA at Jazz \u00e0 la Villette - L-Acoustics\" \/>\n<meta property=\"og:description\" content=\"Over 30,000 jazz enthusiasts gather for 11 days of musical celebration at the Paris Jazz \u00e0 la Villette festival in L-ISA immersive audio\" \/>\n<meta property=\"og:url\" content=\"https:\/\/www.l-acoustics.com\/fr\/press-releases\/music-lovers-enjoy-beautifully-natural-sound-with-l-acoustics-l-isa-at-jazz-a-la-villette\/\" \/>\n<meta property=\"og:site_name\" content=\"L-Acoustics\" \/>\n<meta property=\"article:modified_time\" content=\"2025-02-04T14:07:34+00:00\" \/>\n<meta property=\"og:image\" content=\"https:\/\/www.l-acoustics.com\/wp-content\/uploads\/2021\/11\/LA_Jazz-a-La-Villette-2021_01_ed.jpg\" \/>\n\t<meta property=\"og:image:width\" content=\"1358\" \/>\n\t<meta property=\"og:image:height\" content=\"1358\" \/>\n\t<meta property=\"og:image:type\" content=\"image\/jpeg\" \/>\n<meta name=\"twitter:card\" content=\"summary_large_image\" \/>\n<meta name=\"twitter:title\" content=\"Music Lovers Enjoy Beautifully Natural Sound with L-Acoustics L-ISA at Jazz \u00e0 la Villette - L-Acoustics\" \/>\n<meta name=\"twitter:label1\" content=\"Dur\u00e9e de lecture estim\u00e9e\" \/>\n\t<meta name=\"twitter:data1\" content=\"6 minutes\" \/>\n<!-- \/ Yoast SEO plugin. -->","yoast_head_json":{"title":"Music Lovers Enjoy Beautifully Natural Sound with L-Acoustics L-ISA at Jazz \u00e0 la Villette - L-Acoustics","description":"Over 30,000 jazz enthusiasts gather for 11 days of musical celebration at the Paris Jazz \u00e0 la Villette festival in L-ISA immersive audio","robots":{"index":"index","follow":"follow","max-snippet":"max-snippet:-1","max-image-preview":"max-image-preview:large","max-video-preview":"max-video-preview:-1"},"canonical":"https:\/\/www.l-acoustics.com\/fr\/press-releases\/music-lovers-enjoy-beautifully-natural-sound-with-l-acoustics-l-isa-at-jazz-a-la-villette\/","og_locale":"fr_FR","og_type":"article","og_title":"Music Lovers Enjoy Beautifully Natural Sound with L-Acoustics L-ISA at Jazz \u00e0 la Villette - L-Acoustics","og_description":"Over 30,000 jazz enthusiasts gather for 11 days of musical celebration at the Paris Jazz \u00e0 la Villette festival in L-ISA immersive audio","og_url":"https:\/\/www.l-acoustics.com\/fr\/press-releases\/music-lovers-enjoy-beautifully-natural-sound-with-l-acoustics-l-isa-at-jazz-a-la-villette\/","og_site_name":"L-Acoustics","article_modified_time":"2025-02-04T14:07:34+00:00","og_image":[{"width":1358,"height":1358,"url":"https:\/\/www.l-acoustics.com\/wp-content\/uploads\/2021\/11\/LA_Jazz-a-La-Villette-2021_01_ed.jpg","type":"image\/jpeg"}],"twitter_card":"summary_large_image","twitter_title":"Music Lovers Enjoy Beautifully Natural Sound with L-Acoustics L-ISA at Jazz \u00e0 la Villette - L-Acoustics","twitter_misc":{"Dur\u00e9e de lecture estim\u00e9e":"6 minutes"},"schema":{"@context":"https:\/\/schema.org","@graph":[{"@type":"WebPage","@id":"https:\/\/www.l-acoustics.com\/fr\/press-releases\/music-lovers-enjoy-beautifully-natural-sound-with-l-acoustics-l-isa-at-jazz-a-la-villette\/","url":"https:\/\/www.l-acoustics.com\/fr\/press-releases\/music-lovers-enjoy-beautifully-natural-sound-with-l-acoustics-l-isa-at-jazz-a-la-villette\/","name":"Music Lovers Enjoy Beautifully Natural Sound with L-Acoustics L-ISA at Jazz \u00e0 la Villette - L-Acoustics","isPartOf":{"@id":"https:\/\/www.l-acoustics.com\/#website"},"primaryImageOfPage":{"@id":"https:\/\/www.l-acoustics.com\/fr\/press-releases\/music-lovers-enjoy-beautifully-natural-sound-with-l-acoustics-l-isa-at-jazz-a-la-villette\/#primaryimage"},"image":{"@id":"https:\/\/www.l-acoustics.com\/fr\/press-releases\/music-lovers-enjoy-beautifully-natural-sound-with-l-acoustics-l-isa-at-jazz-a-la-villette\/#primaryimage"},"thumbnailUrl":"\/wp-content\/uploads\/2021\/11\/LA_Jazz-a-La-Villette-2021_01_ed.jpg","datePublished":"2021-11-02T21:03:46+00:00","dateModified":"2025-02-04T14:07:34+00:00","description":"Over 30,000 jazz enthusiasts gather for 11 days of musical celebration at the Paris Jazz \u00e0 la Villette festival in L-ISA immersive audio","breadcrumb":{"@id":"https:\/\/www.l-acoustics.com\/fr\/press-releases\/music-lovers-enjoy-beautifully-natural-sound-with-l-acoustics-l-isa-at-jazz-a-la-villette\/#breadcrumb"},"inLanguage":"fr-FR","potentialAction":[{"@type":"ReadAction","target":["https:\/\/www.l-acoustics.com\/fr\/press-releases\/music-lovers-enjoy-beautifully-natural-sound-with-l-acoustics-l-isa-at-jazz-a-la-villette\/"]}]},{"@type":"ImageObject","inLanguage":"fr-FR","@id":"https:\/\/www.l-acoustics.com\/fr\/press-releases\/music-lovers-enjoy-beautifully-natural-sound-with-l-acoustics-l-isa-at-jazz-a-la-villette\/#primaryimage","url":"\/wp-content\/uploads\/2021\/11\/LA_Jazz-a-La-Villette-2021_01_ed.jpg","contentUrl":"\/wp-content\/uploads\/2021\/11\/LA_Jazz-a-La-Villette-2021_01_ed.jpg","width":1358,"height":1358},{"@type":"BreadcrumbList","@id":"https:\/\/www.l-acoustics.com\/fr\/press-releases\/music-lovers-enjoy-beautifully-natural-sound-with-l-acoustics-l-isa-at-jazz-a-la-villette\/#breadcrumb","itemListElement":[{"@type":"ListItem","position":1,"name":"Press Releases","item":"https:\/\/app-lacoustics-itd-prd.azurewebsites.net\/press-releases\/"},{"@type":"ListItem","position":2,"name":"Music Lovers Enjoy Beautifully Natural Sound with L-Acoustics L-ISA at Jazz \u00e0 la Villette"}]},{"@type":"WebSite","@id":"https:\/\/www.l-acoustics.com\/#website","url":"https:\/\/www.l-acoustics.com\/","name":"L-Acoustics","description":"The Best Sound comes from one source","publisher":{"@id":"https:\/\/www.l-acoustics.com\/#organization"},"potentialAction":[{"@type":"SearchAction","target":{"@type":"EntryPoint","urlTemplate":"https:\/\/www.l-acoustics.com\/?s={search_term_string}"},"query-input":{"@type":"PropertyValueSpecification","valueRequired":true,"valueName":"search_term_string"}}],"inLanguage":"fr-FR"},{"@type":"Organization","@id":"https:\/\/www.l-acoustics.com\/#organization","name":"L-Acoustics","url":"https:\/\/www.l-acoustics.com\/","logo":{"@type":"ImageObject","inLanguage":"fr-FR","@id":"https:\/\/www.l-acoustics.com\/#\/schema\/logo\/image\/","url":"\/wp-content\/uploads\/2021\/07\/logo_tablet-1.jpg","contentUrl":"\/wp-content\/uploads\/2021\/07\/logo_tablet-1.jpg","width":143,"height":140,"caption":"L-Acoustics"},"image":{"@id":"https:\/\/www.l-acoustics.com\/#\/schema\/logo\/image\/"}}]}},"_links":{"self":[{"href":"https:\/\/www.l-acoustics.com\/fr\/wp-json\/wp\/v2\/press-release\/18420","targetHints":{"allow":["GET"]}}],"collection":[{"href":"https:\/\/www.l-acoustics.com\/fr\/wp-json\/wp\/v2\/press-release"}],"about":[{"href":"https:\/\/www.l-acoustics.com\/fr\/wp-json\/wp\/v2\/types\/press-release"}],"author":[{"embeddable":true,"href":"https:\/\/www.l-acoustics.com\/fr\/wp-json\/wp\/v2\/users\/7"}],"replies":[{"embeddable":true,"href":"https:\/\/www.l-acoustics.com\/fr\/wp-json\/wp\/v2\/comments?post=18420"}],"version-history":[{"count":0,"href":"https:\/\/www.l-acoustics.com\/fr\/wp-json\/wp\/v2\/press-release\/18420\/revisions"}],"wp:featuredmedia":[{"embeddable":true,"href":"https:\/\/www.l-acoustics.com\/fr\/wp-json\/wp\/v2\/media\/18427"}],"wp:attachment":[{"href":"https:\/\/www.l-acoustics.com\/fr\/wp-json\/wp\/v2\/media?parent=18420"}],"wp:term":[{"taxonomy":"news-tag","embeddable":true,"href":"https:\/\/www.l-acoustics.com\/fr\/wp-json\/wp\/v2\/news-tag?post=18420"}],"curies":[{"name":"wp","href":"https:\/\/api.w.org\/{rel}","templated":true}]}}