{"id":15295,"date":"2020-06-17T23:30:00","date_gmt":"2020-06-17T21:30:00","guid":{"rendered":"https:\/\/www.l-acoustics.com\/?post_type=hot-news&#038;p=15295"},"modified":"2023-01-31T11:52:51","modified_gmt":"2023-01-31T10:52:51","slug":"kompromisslos-in-der-region-stagelight-showservice-investiert-in-l-acoustics","status":"publish","type":"press-release","link":"https:\/\/www.l-acoustics.com\/fr\/press-releases\/kompromisslos-in-der-region-stagelight-showservice-investiert-in-l-acoustics\/","title":{"rendered":"Kompromisslos in der Region Stagelight Showservice investiert in L-Acoustics"},"content":{"rendered":"\n<hr class=\"wp-block-separator\"\/>\n\n\n\n<p><strong>Deutschland \u2013 Juni 2020 \u2013<\/strong><strong>\u2013<\/strong> Wer 40 Jahre im Gesch\u00e4ft ist und mehr als 15 Jahre Tournee-Erfahrung im deutschen Schlager aufweisen kann, wei\u00df genau, was ein Beschallungssystem liefern muss. Wer dar\u00fcber hinaus auch Kleinkunst, Theater und Corporate-Events abdeckt, ben\u00f6tigt ein besonders flexibles Besteck. Die Stagelight Showservice GmbH aus Saarbr\u00fccken gibt es bereits seit den 1980er Jahren \u2013 und hat bis heute nichts von ihrem Innovationsgeist verloren. Dies beweist nicht zuletzt die aktuelle Investition in verschiedene L-Acoustics-Systeme.<\/p>\n\n\n\n<p><a href=\"https:\/\/www.l-acoustics.com\/products\/kara-ii\/\" target=\"_blank\" rel=\"noreferrer noopener\">Kara <\/a>und <a href=\"https:\/\/www.l-acoustics.com\/products\/sb18\/\" target=\"_blank\" rel=\"noreferrer noopener\">SB18 <\/a>Subwoofer f\u00fcr die Hauptbeschallung auf regionalen Festivals und Live-Events, koaxiale <a href=\"https:\/\/www.l-acoustics.com\/products\/x12\/\" target=\"_blank\" rel=\"noreferrer noopener\">X12<\/a> Multifunktionslautsprecher f\u00fcr den variablen Beschallungseinsatz auf kleinen und mittleren Veranstaltungen sowie <a href=\"https:\/\/www.l-acoustics.com\/products\/x15-hiq\/\" target=\"_blank\" rel=\"noreferrer noopener\">x15HiQ <\/a>Referenz-B\u00fchnenmonitore \u2013 Stagelight-Gesch\u00e4ftsf\u00fchrer Bernhard Wesely hat sich ein \u00fcberaus ridertaugliches Set zusammengestellt: \u201eKara hat uns als kompromissloses und kompaktes System \u00fcberzeugt, das auch \u00fcber die Jahre nur wenig Wertverlust verzeichnet und einfach toll klingt. Zudem liefern die X12 und X15HiQ jede Menge Druck, ohne Abstriche bei der Transparenz zu machen.\u201c<\/p>\n\n\n\n<p>In normalen Zeiten h\u00e4tten die L-Acoustics Systeme bereits ihren Einstand auf den Music Nights Blieskastel und auf dem internationalen Jazzfestival St. Ingbert gegeben (beide Festivals wurden auf 2021 verschoben). Wie die meisten Dienstleister, musste auch Stagelight durch die Corona-Beschr\u00e4nkungen umdisponieren: \u201eAktuell f\u00fchren wir diverse Autokinos und Autokonzerte im Saarland im Auftrag von SR1 durch. Die Menschen sind froh, wieder Kultur zu erleben, deshalb werden die Events bei uns sehr gut angenommen.\u201c Neben vielen Bedenken blickt Bernard Wesely optimistisch in die Zukunft: \u201eIch bin \u00fcberzeugt, dass wir gest\u00e4rkt aus der Krise hervorgehen und den verdienten Respekt f\u00fcr unsere Branche erfahren. Leider erh\u00e4lt man aktuell den Eindruck, dass der Wert von Kultur und Veranstaltungstechnik in Deutschland nur dann wahrgenommen wird, wenn der Betrieb l\u00e4uft.\u201c<\/p>\n\n\n\n<hr class=\"wp-block-separator\"\/>\n\n\n\n<figure class=\"wp-block-gallery columns-1 is-cropped wp-block-gallery-1 is-layout-flex wp-block-gallery-is-layout-flex\"><ul class=\"blocks-gallery-grid\"><li class=\"blocks-gallery-item\"><figure><img loading=\"lazy\" decoding=\"async\" width=\"1024\" height=\"768\" src=\"\/wp-content\/uploads\/2021\/06\/L-Acoustics_PR_Stagelight-Showservice_Bernhard-Wesely-1024x768.jpg\" alt=\"Stagelight Showservice Bernhard Wesely\" data-id=\"15298\" data-full-url=\"\/wp-content\/uploads\/2021\/06\/L-Acoustics_PR_Stagelight-Showservice_Bernhard-Wesely.jpg\" data-link=\"https:\/\/www.l-acoustics.com\/?attachment_id=15298\" class=\"wp-image-15298\" srcset=\"\/wp-content\/uploads\/2021\/06\/L-Acoustics_PR_Stagelight-Showservice_Bernhard-Wesely-1024x768.jpg 1024w, \/wp-content\/uploads\/2021\/06\/L-Acoustics_PR_Stagelight-Showservice_Bernhard-Wesely-300x225.jpg 300w, \/wp-content\/uploads\/2021\/06\/L-Acoustics_PR_Stagelight-Showservice_Bernhard-Wesely-768x576.jpg 768w, \/wp-content\/uploads\/2021\/06\/L-Acoustics_PR_Stagelight-Showservice_Bernhard-Wesely-1536x1152.jpg 1536w, \/wp-content\/uploads\/2021\/06\/L-Acoustics_PR_Stagelight-Showservice_Bernhard-Wesely.jpg 2000w\" sizes=\"auto, (max-width: 1024px) 100vw, 1024px\" \/><figcaption class=\"blocks-gallery-item__caption\">Stagelight Showservice Bernhard Wesely<\/figcaption><\/figure><\/li><\/ul><\/figure>\n","protected":false},"excerpt":{"rendered":"<p>Deutschland \u2013 Juni 2020 \u2013\u2013 Wer 40 Jahre im Gesch\u00e4ft ist und mehr als 15 Jahre Tournee-Erfahrung im deutschen Schlager aufweisen kann, wei\u00df genau, was ein Beschallungssystem liefern muss. Wer dar\u00fcber hinaus auch Kleinkunst, Theater und Corporate-Events abdeckt, ben\u00f6tigt ein besonders flexibles Besteck. Die Stagelight Showservice GmbH aus Saarbr\u00fccken gibt es bereits seit den 1980er [&hellip;]<\/p>\n","protected":false},"author":2,"featured_media":15298,"comment_status":"closed","ping_status":"closed","template":"","meta":{"_acf_changed":false,"news_tags":"","tags_api":"","footnotes":""},"news-tag":[],"class_list":["post-15295","press-release","type-press-release","status-publish","has-post-thumbnail","hentry"],"acf":[],"yoast_head":"<!-- This site is optimized with the Yoast SEO plugin v25.9 - https:\/\/yoast.com\/wordpress\/plugins\/seo\/ -->\n<title>Kompromisslos in der Region Stagelight Showservice investiert in L-Acoustics - L-Acoustics<\/title>\n<meta name=\"robots\" content=\"index, follow, max-snippet:-1, max-image-preview:large, max-video-preview:-1\" \/>\n<link rel=\"canonical\" href=\"https:\/\/www.l-acoustics.com\/fr\/press-releases\/kompromisslos-in-der-region-stagelight-showservice-investiert-in-l-acoustics\/\" \/>\n<meta property=\"og:locale\" content=\"fr_FR\" \/>\n<meta property=\"og:type\" content=\"article\" \/>\n<meta property=\"og:title\" content=\"Kompromisslos in der Region Stagelight Showservice investiert in L-Acoustics - L-Acoustics\" \/>\n<meta property=\"og:description\" content=\"Deutschland \u2013 Juni 2020 \u2013\u2013 Wer 40 Jahre im Gesch\u00e4ft ist und mehr als 15 Jahre Tournee-Erfahrung im deutschen Schlager aufweisen kann, wei\u00df genau, was ein Beschallungssystem liefern muss. Wer dar\u00fcber hinaus auch Kleinkunst, Theater und Corporate-Events abdeckt, ben\u00f6tigt ein besonders flexibles Besteck. Die Stagelight Showservice GmbH aus Saarbr\u00fccken gibt es bereits seit den 1980er [&hellip;]\" \/>\n<meta property=\"og:url\" content=\"https:\/\/www.l-acoustics.com\/fr\/press-releases\/kompromisslos-in-der-region-stagelight-showservice-investiert-in-l-acoustics\/\" \/>\n<meta property=\"og:site_name\" content=\"L-Acoustics\" \/>\n<meta property=\"article:modified_time\" content=\"2023-01-31T10:52:51+00:00\" \/>\n<meta property=\"og:image\" content=\"https:\/\/www.l-acoustics.com\/wp-content\/uploads\/2021\/06\/L-Acoustics_PR_Stagelight-Showservice_Bernhard-Wesely.jpg\" \/>\n\t<meta property=\"og:image:width\" content=\"2000\" \/>\n\t<meta property=\"og:image:height\" content=\"1500\" \/>\n\t<meta property=\"og:image:type\" content=\"image\/jpeg\" \/>\n<meta name=\"twitter:card\" content=\"summary_large_image\" \/>\n<meta name=\"twitter:label1\" content=\"Dur\u00e9e de lecture estim\u00e9e\" \/>\n\t<meta name=\"twitter:data1\" content=\"1 minute\" \/>\n<!-- \/ Yoast SEO plugin. -->","yoast_head_json":{"title":"Kompromisslos in der Region Stagelight Showservice investiert in L-Acoustics - L-Acoustics","robots":{"index":"index","follow":"follow","max-snippet":"max-snippet:-1","max-image-preview":"max-image-preview:large","max-video-preview":"max-video-preview:-1"},"canonical":"https:\/\/www.l-acoustics.com\/fr\/press-releases\/kompromisslos-in-der-region-stagelight-showservice-investiert-in-l-acoustics\/","og_locale":"fr_FR","og_type":"article","og_title":"Kompromisslos in der Region Stagelight Showservice investiert in L-Acoustics - L-Acoustics","og_description":"Deutschland \u2013 Juni 2020 \u2013\u2013 Wer 40 Jahre im Gesch\u00e4ft ist und mehr als 15 Jahre Tournee-Erfahrung im deutschen Schlager aufweisen kann, wei\u00df genau, was ein Beschallungssystem liefern muss. Wer dar\u00fcber hinaus auch Kleinkunst, Theater und Corporate-Events abdeckt, ben\u00f6tigt ein besonders flexibles Besteck. Die Stagelight Showservice GmbH aus Saarbr\u00fccken gibt es bereits seit den 1980er [&hellip;]","og_url":"https:\/\/www.l-acoustics.com\/fr\/press-releases\/kompromisslos-in-der-region-stagelight-showservice-investiert-in-l-acoustics\/","og_site_name":"L-Acoustics","article_modified_time":"2023-01-31T10:52:51+00:00","og_image":[{"width":2000,"height":1500,"url":"https:\/\/www.l-acoustics.com\/wp-content\/uploads\/2021\/06\/L-Acoustics_PR_Stagelight-Showservice_Bernhard-Wesely.jpg","type":"image\/jpeg"}],"twitter_card":"summary_large_image","twitter_misc":{"Dur\u00e9e de lecture estim\u00e9e":"1 minute"},"schema":{"@context":"https:\/\/schema.org","@graph":[{"@type":"WebPage","@id":"https:\/\/www.l-acoustics.com\/fr\/press-releases\/kompromisslos-in-der-region-stagelight-showservice-investiert-in-l-acoustics\/","url":"https:\/\/www.l-acoustics.com\/fr\/press-releases\/kompromisslos-in-der-region-stagelight-showservice-investiert-in-l-acoustics\/","name":"Kompromisslos in der Region Stagelight Showservice investiert in L-Acoustics - L-Acoustics","isPartOf":{"@id":"https:\/\/www.l-acoustics.com\/#website"},"primaryImageOfPage":{"@id":"https:\/\/www.l-acoustics.com\/fr\/press-releases\/kompromisslos-in-der-region-stagelight-showservice-investiert-in-l-acoustics\/#primaryimage"},"image":{"@id":"https:\/\/www.l-acoustics.com\/fr\/press-releases\/kompromisslos-in-der-region-stagelight-showservice-investiert-in-l-acoustics\/#primaryimage"},"thumbnailUrl":"\/wp-content\/uploads\/2021\/06\/L-Acoustics_PR_Stagelight-Showservice_Bernhard-Wesely.jpg","datePublished":"2020-06-17T21:30:00+00:00","dateModified":"2023-01-31T10:52:51+00:00","breadcrumb":{"@id":"https:\/\/www.l-acoustics.com\/fr\/press-releases\/kompromisslos-in-der-region-stagelight-showservice-investiert-in-l-acoustics\/#breadcrumb"},"inLanguage":"fr-FR","potentialAction":[{"@type":"ReadAction","target":["https:\/\/www.l-acoustics.com\/fr\/press-releases\/kompromisslos-in-der-region-stagelight-showservice-investiert-in-l-acoustics\/"]}]},{"@type":"ImageObject","inLanguage":"fr-FR","@id":"https:\/\/www.l-acoustics.com\/fr\/press-releases\/kompromisslos-in-der-region-stagelight-showservice-investiert-in-l-acoustics\/#primaryimage","url":"\/wp-content\/uploads\/2021\/06\/L-Acoustics_PR_Stagelight-Showservice_Bernhard-Wesely.jpg","contentUrl":"\/wp-content\/uploads\/2021\/06\/L-Acoustics_PR_Stagelight-Showservice_Bernhard-Wesely.jpg","width":2000,"height":1500,"caption":"Stagelight Showservice Bernhard Wesely"},{"@type":"BreadcrumbList","@id":"https:\/\/www.l-acoustics.com\/fr\/press-releases\/kompromisslos-in-der-region-stagelight-showservice-investiert-in-l-acoustics\/#breadcrumb","itemListElement":[{"@type":"ListItem","position":1,"name":"Press Releases","item":"https:\/\/app-lacoustics-itd-prd.azurewebsites.net\/press-releases\/"},{"@type":"ListItem","position":2,"name":"Kompromisslos in der Region Stagelight Showservice investiert in L-Acoustics"}]},{"@type":"WebSite","@id":"https:\/\/www.l-acoustics.com\/#website","url":"https:\/\/www.l-acoustics.com\/","name":"L-Acoustics","description":"The Best Sound comes from one source","publisher":{"@id":"https:\/\/www.l-acoustics.com\/#organization"},"potentialAction":[{"@type":"SearchAction","target":{"@type":"EntryPoint","urlTemplate":"https:\/\/www.l-acoustics.com\/?s={search_term_string}"},"query-input":{"@type":"PropertyValueSpecification","valueRequired":true,"valueName":"search_term_string"}}],"inLanguage":"fr-FR"},{"@type":"Organization","@id":"https:\/\/www.l-acoustics.com\/#organization","name":"L-Acoustics","url":"https:\/\/www.l-acoustics.com\/","logo":{"@type":"ImageObject","inLanguage":"fr-FR","@id":"https:\/\/www.l-acoustics.com\/#\/schema\/logo\/image\/","url":"\/wp-content\/uploads\/2021\/07\/logo_tablet-1.jpg","contentUrl":"\/wp-content\/uploads\/2021\/07\/logo_tablet-1.jpg","width":143,"height":140,"caption":"L-Acoustics"},"image":{"@id":"https:\/\/www.l-acoustics.com\/#\/schema\/logo\/image\/"}}]}},"_links":{"self":[{"href":"https:\/\/www.l-acoustics.com\/fr\/wp-json\/wp\/v2\/press-release\/15295","targetHints":{"allow":["GET"]}}],"collection":[{"href":"https:\/\/www.l-acoustics.com\/fr\/wp-json\/wp\/v2\/press-release"}],"about":[{"href":"https:\/\/www.l-acoustics.com\/fr\/wp-json\/wp\/v2\/types\/press-release"}],"author":[{"embeddable":true,"href":"https:\/\/www.l-acoustics.com\/fr\/wp-json\/wp\/v2\/users\/2"}],"replies":[{"embeddable":true,"href":"https:\/\/www.l-acoustics.com\/fr\/wp-json\/wp\/v2\/comments?post=15295"}],"version-history":[{"count":0,"href":"https:\/\/www.l-acoustics.com\/fr\/wp-json\/wp\/v2\/press-release\/15295\/revisions"}],"wp:featuredmedia":[{"embeddable":true,"href":"https:\/\/www.l-acoustics.com\/fr\/wp-json\/wp\/v2\/media\/15298"}],"wp:attachment":[{"href":"https:\/\/www.l-acoustics.com\/fr\/wp-json\/wp\/v2\/media?parent=15295"}],"wp:term":[{"taxonomy":"news-tag","embeddable":true,"href":"https:\/\/www.l-acoustics.com\/fr\/wp-json\/wp\/v2\/news-tag?post=15295"}],"curies":[{"name":"wp","href":"https:\/\/api.w.org\/{rel}","templated":true}]}}